{"id":1340,"date":"2021-10-20T15:42:50","date_gmt":"2021-10-20T13:42:50","guid":{"rendered":"https:\/\/www.baderbr\u00e4u.de\/?p=1340"},"modified":"2021-11-15T15:26:38","modified_gmt":"2021-11-15T13:26:38","slug":"auf-was-koennen-wir-uns-freuen","status":"publish","type":"post","link":"https:\/\/www.baderbr\u00e4u.de\/?p=1340","title":{"rendered":"Auf was k\u00f6nnen wir uns freuen?"},"content":{"rendered":"\n<p class=\"has-medium-font-size\">1. Auf unser Baderbr\u00e4u Dunkel und M\u00e4rzen<\/p>\n\n\n\n<figure class=\"wp-block-image size-large\"><a href=\"https:\/\/www.baderbr\u00e4u.de\/wp-content\/uploads\/2021\/10\/P1050332-scaled.jpg\"><img loading=\"lazy\" width=\"1024\" height=\"768\" src=\"https:\/\/www.baderbr\u00e4u.de\/wp-content\/uploads\/2021\/10\/P1050332-1024x768.jpg\" alt=\"\" class=\"wp-image-1347\" srcset=\"https:\/\/www.baderbr\u00e4u.de\/wp-content\/uploads\/2021\/10\/P1050332-1024x768.jpg 1024w, https:\/\/www.baderbr\u00e4u.de\/wp-content\/uploads\/2021\/10\/P1050332-300x225.jpg 300w, https:\/\/www.baderbr\u00e4u.de\/wp-content\/uploads\/2021\/10\/P1050332-768x576.jpg 768w, https:\/\/www.baderbr\u00e4u.de\/wp-content\/uploads\/2021\/10\/P1050332-1536x1152.jpg 1536w, https:\/\/www.baderbr\u00e4u.de\/wp-content\/uploads\/2021\/10\/P1050332-2048x1536.jpg 2048w, https:\/\/www.baderbr\u00e4u.de\/wp-content\/uploads\/2021\/10\/P1050332-50x38.jpg 50w\" sizes=\"(max-width: 1024px) 100vw, 1024px\" \/><\/a><\/figure>\n\n\n\n<p class=\"has-medium-font-size\">W\u00e4hrend unser Dunkles bereits in den meisten Getr\u00e4nkem\u00e4rkten am Start ist, wird unser M\u00e4rzen ab 01. November in den Regalen stehen. Beide Sorten werden wir in Zukunft ganzj\u00e4hrig anbieten k\u00f6nnen.<\/p>\n\n\n\n<p class=\"has-medium-font-size\">2. Ein Christkindlmarkt im Pschorrhof <\/p>\n\n\n\n<p class=\"has-medium-font-size\">Am Wochenende 26. bis 28. November wird es erstmals im Pschorrhof einen kleinen Christkindlmarkt geben. 10 Standl haben wir schon organisiert. Lasst&#8217;s euch \u00fcberraschen. N\u00e4heres erfahrt Ihr in K\u00fcrze!<\/p>\n\n\n\n<figure class=\"wp-block-image size-large\"><a href=\"https:\/\/www.baderbr\u00e4u.de\/wp-content\/uploads\/2021\/10\/Einladung-zum-Christkindlmarkt-2021-scaled.jpg\"><img loading=\"lazy\" width=\"724\" height=\"1024\" src=\"https:\/\/www.baderbr\u00e4u.de\/wp-content\/uploads\/2021\/10\/Einladung-zum-Christkindlmarkt-2021-724x1024.jpg\" alt=\"\" class=\"wp-image-1348\" srcset=\"https:\/\/www.baderbr\u00e4u.de\/wp-content\/uploads\/2021\/10\/Einladung-zum-Christkindlmarkt-2021-724x1024.jpg 724w, https:\/\/www.baderbr\u00e4u.de\/wp-content\/uploads\/2021\/10\/Einladung-zum-Christkindlmarkt-2021-212x300.jpg 212w, https:\/\/www.baderbr\u00e4u.de\/wp-content\/uploads\/2021\/10\/Einladung-zum-Christkindlmarkt-2021-768x1086.jpg 768w, https:\/\/www.baderbr\u00e4u.de\/wp-content\/uploads\/2021\/10\/Einladung-zum-Christkindlmarkt-2021-1086x1536.jpg 1086w, https:\/\/www.baderbr\u00e4u.de\/wp-content\/uploads\/2021\/10\/Einladung-zum-Christkindlmarkt-2021-1448x2048.jpg 1448w, https:\/\/www.baderbr\u00e4u.de\/wp-content\/uploads\/2021\/10\/Einladung-zum-Christkindlmarkt-2021-35x50.jpg 35w, https:\/\/www.baderbr\u00e4u.de\/wp-content\/uploads\/2021\/10\/Einladung-zum-Christkindlmarkt-2021-scaled.jpg 1810w\" sizes=\"(max-width: 724px) 100vw, 724px\" \/><\/a><\/figure>\n\n\n\n<p class=\"has-medium-font-size\">3. Unser Baderbr\u00e4u Weihnachtsbock ist schon seit einigen Wochen eingebraut. Anfang Dezember fahren wir wieder zum Paxbr\u00e4u in die Rh\u00f6n und f\u00fcllen ihn ab. <img loading=\"lazy\" width=\"955\" height=\"2293\" class=\"wp-image-1343\" style=\"width: 150px;\" src=\"https:\/\/www.baderbr\u00e4u.de\/wp-content\/uploads\/2021\/10\/Baderbraeu-Doppelbock-Dunkel-Flasche-1-lit.jpg\" alt=\"\" srcset=\"https:\/\/www.baderbr\u00e4u.de\/wp-content\/uploads\/2021\/10\/Baderbraeu-Doppelbock-Dunkel-Flasche-1-lit.jpg 955w, https:\/\/www.baderbr\u00e4u.de\/wp-content\/uploads\/2021\/10\/Baderbraeu-Doppelbock-Dunkel-Flasche-1-lit-125x300.jpg 125w, https:\/\/www.baderbr\u00e4u.de\/wp-content\/uploads\/2021\/10\/Baderbraeu-Doppelbock-Dunkel-Flasche-1-lit-426x1024.jpg 426w, https:\/\/www.baderbr\u00e4u.de\/wp-content\/uploads\/2021\/10\/Baderbraeu-Doppelbock-Dunkel-Flasche-1-lit-768x1844.jpg 768w, https:\/\/www.baderbr\u00e4u.de\/wp-content\/uploads\/2021\/10\/Baderbraeu-Doppelbock-Dunkel-Flasche-1-lit-640x1536.jpg 640w, https:\/\/www.baderbr\u00e4u.de\/wp-content\/uploads\/2021\/10\/Baderbraeu-Doppelbock-Dunkel-Flasche-1-lit-853x2048.jpg 853w, https:\/\/www.baderbr\u00e4u.de\/wp-content\/uploads\/2021\/10\/Baderbraeu-Doppelbock-Dunkel-Flasche-1-lit-21x50.jpg 21w\" sizes=\"(max-width: 955px) 100vw, 955px\" \/><\/p>\n\n\n\n<p><\/p>\n\n\n\n<p><\/p>\n","protected":false},"excerpt":{"rendered":"<p>1. Auf unser Baderbr\u00e4u Dunkel und M\u00e4rzen W\u00e4hrend unser Dunkles bereits in den meisten Getr\u00e4nkem\u00e4rkten am Start ist, wird unser M\u00e4rzen ab 01. November in den Regalen stehen. Beide Sorten werden wir in Zukunft ganzj\u00e4hrig anbieten k\u00f6nnen. 2. Ein Christkindlmarkt im Pschorrhof Am Wochenende 26. bis 28. November wird es erstmals im Pschorrhof einen kleinen [&hellip;]<\/p>\n","protected":false},"author":3,"featured_media":0,"comment_status":"closed","ping_status":"closed","sticky":false,"template":"","format":"standard","meta":[],"categories":[6],"tags":[],"wppr_data":{"cwp_meta_box_check":"No"},"_links":{"self":[{"href":"https:\/\/www.baderbr\u00e4u.de\/index.php?rest_route=\/wp\/v2\/posts\/1340"}],"collection":[{"href":"https:\/\/www.baderbr\u00e4u.de\/index.php?rest_route=\/wp\/v2\/posts"}],"about":[{"href":"https:\/\/www.baderbr\u00e4u.de\/index.php?rest_route=\/wp\/v2\/types\/post"}],"author":[{"embeddable":true,"href":"https:\/\/www.baderbr\u00e4u.de\/index.php?rest_route=\/wp\/v2\/users\/3"}],"replies":[{"embeddable":true,"href":"https:\/\/www.baderbr\u00e4u.de\/index.php?rest_route=%2Fwp%2Fv2%2Fcomments&post=1340"}],"version-history":[{"count":2,"href":"https:\/\/www.baderbr\u00e4u.de\/index.php?rest_route=\/wp\/v2\/posts\/1340\/revisions"}],"predecessor-version":[{"id":1349,"href":"https:\/\/www.baderbr\u00e4u.de\/index.php?rest_route=\/wp\/v2\/posts\/1340\/revisions\/1349"}],"wp:attachment":[{"href":"https:\/\/www.baderbr\u00e4u.de\/index.php?rest_route=%2Fwp%2Fv2%2Fmedia&parent=1340"}],"wp:term":[{"taxonomy":"category","embeddable":true,"href":"https:\/\/www.baderbr\u00e4u.de\/index.php?rest_route=%2Fwp%2Fv2%2Fcategories&post=1340"},{"taxonomy":"post_tag","embeddable":true,"href":"https:\/\/www.baderbr\u00e4u.de\/index.php?rest_route=%2Fwp%2Fv2%2Ftags&post=1340"}],"curies":[{"name":"wp","href":"https:\/\/api.w.org\/{rel}","templated":true}]}}