{"id":1699,"date":"2024-01-16T18:01:01","date_gmt":"2024-01-16T16:01:01","guid":{"rendered":"https:\/\/www.baderbr\u00e4u.de\/?p=1699"},"modified":"2024-10-08T13:04:30","modified_gmt":"2024-10-08T11:04:30","slug":"unser-festbier-zur-1100-jahrfeier-in-schnaitsee","status":"publish","type":"post","link":"https:\/\/www.baderbr\u00e4u.de\/?p=1699","title":{"rendered":"Unser Festbier zur 1100 Jahrfeier in Schnaitsee"},"content":{"rendered":"\n<figure class=\"wp-block-image size-large is-style-default\"><a href=\"https:\/\/www.baderbr\u00e4u.de\/wp-content\/uploads\/2024\/01\/Festbier.jpg\"><img loading=\"lazy\" width=\"576\" height=\"1024\" src=\"https:\/\/www.baderbr\u00e4u.de\/wp-content\/uploads\/2024\/01\/Festbier-576x1024.jpg\" alt=\"\" class=\"wp-image-1700\" srcset=\"https:\/\/www.baderbr\u00e4u.de\/wp-content\/uploads\/2024\/01\/Festbier-576x1024.jpg 576w, https:\/\/www.baderbr\u00e4u.de\/wp-content\/uploads\/2024\/01\/Festbier-169x300.jpg 169w, https:\/\/www.baderbr\u00e4u.de\/wp-content\/uploads\/2024\/01\/Festbier-768x1365.jpg 768w, https:\/\/www.baderbr\u00e4u.de\/wp-content\/uploads\/2024\/01\/Festbier-864x1536.jpg 864w, https:\/\/www.baderbr\u00e4u.de\/wp-content\/uploads\/2024\/01\/Festbier-28x50.jpg 28w, https:\/\/www.baderbr\u00e4u.de\/wp-content\/uploads\/2024\/01\/Festbier.jpg 1080w\" sizes=\"(max-width: 576px) 100vw, 576px\" \/><\/a><figcaption>Zur 1100 Jahrfeier haben wir ein extra Festbier gebraut: Ein s\u00fcffiger Festm\u00e4rzen! Gibts ab sofort im Brauereiverkauf, werktags von 9 bis 18 Uhr am Baderweg 4 oder bei EDEKA Scherer im Getr\u00e4nkemarkt. Wer das Festbier lieber in der Gastst\u00e4tte genie\u00dfen will, kann das in der Taverne \u00c4g\u00e4is oder bei uns im Br\u00e4ust\u00fcberl tun.  <\/figcaption><\/figure>\n\n\n\n<p><\/p>\n","protected":false},"excerpt":{"rendered":"","protected":false},"author":3,"featured_media":0,"comment_status":"closed","ping_status":"closed","sticky":false,"template":"","format":"standard","meta":[],"categories":[6],"tags":[],"wppr_data":{"cwp_meta_box_check":"No"},"_links":{"self":[{"href":"https:\/\/www.baderbr\u00e4u.de\/index.php?rest_route=\/wp\/v2\/posts\/1699"}],"collection":[{"href":"https:\/\/www.baderbr\u00e4u.de\/index.php?rest_route=\/wp\/v2\/posts"}],"about":[{"href":"https:\/\/www.baderbr\u00e4u.de\/index.php?rest_route=\/wp\/v2\/types\/post"}],"author":[{"embeddable":true,"href":"https:\/\/www.baderbr\u00e4u.de\/index.php?rest_route=\/wp\/v2\/users\/3"}],"replies":[{"embeddable":true,"href":"https:\/\/www.baderbr\u00e4u.de\/index.php?rest_route=%2Fwp%2Fv2%2Fcomments&post=1699"}],"version-history":[{"count":1,"href":"https:\/\/www.baderbr\u00e4u.de\/index.php?rest_route=\/wp\/v2\/posts\/1699\/revisions"}],"predecessor-version":[{"id":1701,"href":"https:\/\/www.baderbr\u00e4u.de\/index.php?rest_route=\/wp\/v2\/posts\/1699\/revisions\/1701"}],"wp:attachment":[{"href":"https:\/\/www.baderbr\u00e4u.de\/index.php?rest_route=%2Fwp%2Fv2%2Fmedia&parent=1699"}],"wp:term":[{"taxonomy":"category","embeddable":true,"href":"https:\/\/www.baderbr\u00e4u.de\/index.php?rest_route=%2Fwp%2Fv2%2Fcategories&post=1699"},{"taxonomy":"post_tag","embeddable":true,"href":"https:\/\/www.baderbr\u00e4u.de\/index.php?rest_route=%2Fwp%2Fv2%2Ftags&post=1699"}],"curies":[{"name":"wp","href":"https:\/\/api.w.org\/{rel}","templated":true}]}}