{"id":1731,"date":"2024-09-04T17:38:39","date_gmt":"2024-09-04T15:38:39","guid":{"rendered":"https:\/\/www.baderbr\u00e4u.de\/?p=1731"},"modified":"2025-02-04T17:32:53","modified_gmt":"2025-02-04T15:32:53","slug":"baderbraeu-feste-im-oktober-berlin-clubbing-fr-18-10-herbstfest-sa-19-10","status":"publish","type":"post","link":"https:\/\/www.baderbr\u00e4u.de\/?p=1731","title":{"rendered":"20 Jahre Baderbr\u00e4u! 2005 &#8211; 2025"},"content":{"rendered":"\n<div class=\"wp-container-2 wp-block-columns\">\n<div class=\"wp-container-1 wp-block-column\" style=\"flex-basis:100%\">\n<p>In einer immer schnelllebigeren und von verschiedensten Krisen gesch\u00fcttelten Welt bedarf es einer besonderen Hartn\u00e4ckigkeit, als junges Unternehmen 20 Jahre am Markt bestehen zu k\u00f6nnen. Jung sind wir inzwischen nicht mehr, aber daf\u00fcr hartn\u00e4ckig! Und das wird auch weiterhin so sein. Darum wollen wir dieses Jahr wieder ausgiebig mit euch feiern.<\/p>\n<p>Auch wenn der schn\u00f6de Zeitgeist die Wissenschaft in Form von Gutachten f\u00fcr sich instrumentalisiert hat und einem jedes Gl\u00e4schen Bier vermiesen will, so m\u00f6chte ich doch entgegen halten: Wieviel Freude, Geselligkeit und unvergessliche Augenblicke haben unsere Feste, das Br\u00e4ust\u00fcberl, der Biergarten unseren G\u00e4sten in den letzten 20 Jahren gebracht? Das ist mit <strong>nichts<\/strong> aufzuwiegen! Und es ist von essentieller Bedeutung f\u00fcr eine Gesellschaft, f\u00fcr ein Gemeinwesen, wenn es denn diesen Ausdruck verdienen will, sich zu treffen, miteinander zu kommunizieren und auszutauschen, anstatt allein im K\u00e4mmerlein ins Handy zu klotzen. Und das geht am besten, wenn man bei einem Bier zusammensitzt. Bier ist ein Katalysator. Es schmeckt nicht nur gut, sondern es l\u00f6st die Zunge, schafft Geselligkeit und bringt Menschen zueinander. Mit Mineralwasser und Gelber\u00fcbensaft funktioniert das nicht.&nbsp; Von diesem Aspekt liest man in den wissenschaftlichen Gutachten, von denen man derzeit bombardiert wird &#8211; nichts! Deswegen sag ich: &#8222;Raus aus der Bude, rein ins Vergn\u00fcgen&#8220;! Kommts zu uns ins Br\u00e4ust\u00fcberl, in Biergarten, zu unseren Festen und zum Kultursommer! Feierts mit uns und la\u00dft&#8217;s es euch gut gehn.<\/p>\n<\/div>\n<\/div>\n\n\n\n<figure class=\"wp-container-4 wp-block-gallery-3 wp-block-gallery has-nested-images columns-default is-cropped\">\n<figure class=\"wp-block-image size-large is-style-default\"><a href=\"https:\/\/www.baderbr\u00e4u.de\/wp-content\/uploads\/2025\/01\/IMG_82741--scaled.jpg\"><img loading=\"lazy\" width=\"1024\" height=\"477\" data-id=\"1760\"  src=\"https:\/\/www.baderbr\u00e4u.de\/wp-content\/uploads\/2025\/01\/IMG_82741--1024x477.jpg\" alt=\"\" class=\"wp-image-1760\" srcset=\"https:\/\/www.baderbr\u00e4u.de\/wp-content\/uploads\/2025\/01\/IMG_82741--1024x477.jpg 1024w, https:\/\/www.baderbr\u00e4u.de\/wp-content\/uploads\/2025\/01\/IMG_82741--300x140.jpg 300w, https:\/\/www.baderbr\u00e4u.de\/wp-content\/uploads\/2025\/01\/IMG_82741--768x358.jpg 768w, https:\/\/www.baderbr\u00e4u.de\/wp-content\/uploads\/2025\/01\/IMG_82741--1536x716.jpg 1536w, https:\/\/www.baderbr\u00e4u.de\/wp-content\/uploads\/2025\/01\/IMG_82741--2048x954.jpg 2048w, https:\/\/www.baderbr\u00e4u.de\/wp-content\/uploads\/2025\/01\/IMG_82741--50x23.jpg 50w\" sizes=\"(max-width: 1024px) 100vw, 1024px\" \/><\/a><figcaption>Das Team vom Baderbr\u00e4u &#8211; eine starke Mannschaft!<\/figcaption><\/figure>\n<\/figure>\n\n\n\n<p><\/p>\n","protected":false},"excerpt":{"rendered":"<p>In einer immer schnelllebigeren und von verschiedensten Krisen gesch\u00fcttelten Welt bedarf es einer besonderen Hartn\u00e4ckigkeit, als junges Unternehmen 20 Jahre am Markt bestehen zu k\u00f6nnen. Jung sind wir inzwischen nicht mehr, aber daf\u00fcr hartn\u00e4ckig! Und das wird auch weiterhin so sein. Darum wollen wir dieses Jahr wieder ausgiebig mit euch feiern. Auch wenn der schn\u00f6de [&hellip;]<\/p>\n","protected":false},"author":4,"featured_media":0,"comment_status":"closed","ping_status":"closed","sticky":true,"template":"","format":"standard","meta":[],"categories":[1],"tags":[],"wppr_data":{"cwp_meta_box_check":"No"},"_links":{"self":[{"href":"https:\/\/www.baderbr\u00e4u.de\/index.php?rest_route=\/wp\/v2\/posts\/1731"}],"collection":[{"href":"https:\/\/www.baderbr\u00e4u.de\/index.php?rest_route=\/wp\/v2\/posts"}],"about":[{"href":"https:\/\/www.baderbr\u00e4u.de\/index.php?rest_route=\/wp\/v2\/types\/post"}],"author":[{"embeddable":true,"href":"https:\/\/www.baderbr\u00e4u.de\/index.php?rest_route=\/wp\/v2\/users\/4"}],"replies":[{"embeddable":true,"href":"https:\/\/www.baderbr\u00e4u.de\/index.php?rest_route=%2Fwp%2Fv2%2Fcomments&post=1731"}],"version-history":[{"count":8,"href":"https:\/\/www.baderbr\u00e4u.de\/index.php?rest_route=\/wp\/v2\/posts\/1731\/revisions"}],"predecessor-version":[{"id":1775,"href":"https:\/\/www.baderbr\u00e4u.de\/index.php?rest_route=\/wp\/v2\/posts\/1731\/revisions\/1775"}],"wp:attachment":[{"href":"https:\/\/www.baderbr\u00e4u.de\/index.php?rest_route=%2Fwp%2Fv2%2Fmedia&parent=1731"}],"wp:term":[{"taxonomy":"category","embeddable":true,"href":"https:\/\/www.baderbr\u00e4u.de\/index.php?rest_route=%2Fwp%2Fv2%2Fcategories&post=1731"},{"taxonomy":"post_tag","embeddable":true,"href":"https:\/\/www.baderbr\u00e4u.de\/index.php?rest_route=%2Fwp%2Fv2%2Ftags&post=1731"}],"curies":[{"name":"wp","href":"https:\/\/api.w.org\/{rel}","templated":true}]}}