{"id":1773,"date":"2025-02-04T17:31:50","date_gmt":"2025-02-04T15:31:50","guid":{"rendered":"https:\/\/www.baderbr\u00e4u.de\/?p=1773"},"modified":"2025-11-17T12:42:19","modified_gmt":"2025-11-17T10:42:19","slug":"baderbraeu-kultursommer-2025","status":"publish","type":"post","link":"https:\/\/www.baderbr\u00e4u.de\/?p=1773","title":{"rendered":"Baderbr\u00e4u Veranstaltungen 2026"},"content":{"rendered":"\n<figure class=\"wp-block-image size-large\"><a href=\"https:\/\/www.baderbr\u00e4u.de\/wp-content\/uploads\/2025\/11\/2026-Kal.-1.-HJ-Brausem-scaled.jpg\"><img loading=\"lazy\" width=\"1024\" height=\"724\" src=\"https:\/\/www.baderbr\u00e4u.de\/wp-content\/uploads\/2025\/11\/2026-Kal.-1.-HJ-Brausem-1024x724.jpg\" alt=\"\" class=\"wp-image-1843\" srcset=\"https:\/\/www.baderbr\u00e4u.de\/wp-content\/uploads\/2025\/11\/2026-Kal.-1.-HJ-Brausem-1024x724.jpg 1024w, https:\/\/www.baderbr\u00e4u.de\/wp-content\/uploads\/2025\/11\/2026-Kal.-1.-HJ-Brausem-300x212.jpg 300w, https:\/\/www.baderbr\u00e4u.de\/wp-content\/uploads\/2025\/11\/2026-Kal.-1.-HJ-Brausem-768x543.jpg 768w, https:\/\/www.baderbr\u00e4u.de\/wp-content\/uploads\/2025\/11\/2026-Kal.-1.-HJ-Brausem-1536x1086.jpg 1536w, https:\/\/www.baderbr\u00e4u.de\/wp-content\/uploads\/2025\/11\/2026-Kal.-1.-HJ-Brausem-2048x1448.jpg 2048w, https:\/\/www.baderbr\u00e4u.de\/wp-content\/uploads\/2025\/11\/2026-Kal.-1.-HJ-Brausem-50x35.jpg 50w\" sizes=\"(max-width: 1024px) 100vw, 1024px\" \/><\/a><\/figure>\n\n\n\n<p>Unser Baderbr\u00e4u Kalender f\u00fcr 2026 ist in K\u00fcrze fertig! Hier k\u00f6nnt Ihr schon mal einige Events im neuen Jahr einsehen!<\/p>\n","protected":false},"excerpt":{"rendered":"<p>Unser Baderbr\u00e4u Kalender f\u00fcr 2026 ist in K\u00fcrze fertig! Hier k\u00f6nnt Ihr schon mal einige Events im neuen Jahr einsehen!<\/p>\n","protected":false},"author":3,"featured_media":0,"comment_status":"closed","ping_status":"closed","sticky":false,"template":"","format":"standard","meta":[],"categories":[1],"tags":[26,64],"wppr_data":{"cwp_meta_box_check":"No"},"_links":{"self":[{"href":"https:\/\/www.baderbr\u00e4u.de\/index.php?rest_route=\/wp\/v2\/posts\/1773"}],"collection":[{"href":"https:\/\/www.baderbr\u00e4u.de\/index.php?rest_route=\/wp\/v2\/posts"}],"about":[{"href":"https:\/\/www.baderbr\u00e4u.de\/index.php?rest_route=\/wp\/v2\/types\/post"}],"author":[{"embeddable":true,"href":"https:\/\/www.baderbr\u00e4u.de\/index.php?rest_route=\/wp\/v2\/users\/3"}],"replies":[{"embeddable":true,"href":"https:\/\/www.baderbr\u00e4u.de\/index.php?rest_route=%2Fwp%2Fv2%2Fcomments&post=1773"}],"version-history":[{"count":6,"href":"https:\/\/www.baderbr\u00e4u.de\/index.php?rest_route=\/wp\/v2\/posts\/1773\/revisions"}],"predecessor-version":[{"id":1844,"href":"https:\/\/www.baderbr\u00e4u.de\/index.php?rest_route=\/wp\/v2\/posts\/1773\/revisions\/1844"}],"wp:attachment":[{"href":"https:\/\/www.baderbr\u00e4u.de\/index.php?rest_route=%2Fwp%2Fv2%2Fmedia&parent=1773"}],"wp:term":[{"taxonomy":"category","embeddable":true,"href":"https:\/\/www.baderbr\u00e4u.de\/index.php?rest_route=%2Fwp%2Fv2%2Fcategories&post=1773"},{"taxonomy":"post_tag","embeddable":true,"href":"https:\/\/www.baderbr\u00e4u.de\/index.php?rest_route=%2Fwp%2Fv2%2Ftags&post=1773"}],"curies":[{"name":"wp","href":"https:\/\/api.w.org\/{rel}","templated":true}]}}