{"id":1885,"date":"2026-03-16T19:21:28","date_gmt":"2026-03-16T17:21:28","guid":{"rendered":"https:\/\/www.baderbr\u00e4u.de\/?p=1885"},"modified":"2026-03-16T19:21:28","modified_gmt":"2026-03-16T17:21:28","slug":"baderbraeu-kultursommer-2026","status":"publish","type":"post","link":"https:\/\/www.baderbr\u00e4u.de\/?p=1885","title":{"rendered":"Baderbr\u00e4u Kultursommer 2026"},"content":{"rendered":"\n<h2 class=\"has-text-align-left\">Das Programm steht!<\/h2>\n\n\n\n<p>Unser Musikprogramm f\u00fcr den heurigen Kultursommer ist fertig. Und wir haben wieder tolle Musikgruppen engagieren k\u00f6nnen. Viele spielen hier zum ersten mal. Das Spektrum der Musikrichtungen haben wir erweitert. Eine Besonderheit ist heuer, dass am 27. August der Zither Man\u00e4 im Biergarten auftritt. Dies allerdings in Form eines Konzertes mit Eintritt. Es soll keine Hintergrundmusik sein, sondern Musik zum Zuh\u00f6ren. Auf ihn freuen wir uns besonders! (Karten gibts im Vorverkauf im Br\u00e4ust\u00fcberl) Nat\u00fcrlich gibt es bei allen Musikveranstaltungen das gewohnte Essen und Trinken. <\/p>\n\n\n\n<p>Wir hoffen, dass das Wetter immer donnerstags mitspielt und w\u00fcrden uns \u00fcber euer zahlreiches Erscheinen sehr freuen. Der Veranstaltungsflyer kommt in den n\u00e4chsten Wochen. Hier schon mal das Programm:<\/p>\n\n\n\n<figure class=\"wp-block-image size-large\"><a href=\"https:\/\/www.baderbr\u00e4u.de\/wp-content\/uploads\/2026\/03\/Biergarten-Musik-2026-endversion.jpg\"><img loading=\"lazy\" width=\"707\" height=\"1024\" src=\"https:\/\/www.baderbr\u00e4u.de\/wp-content\/uploads\/2026\/03\/Biergarten-Musik-2026-endversion-707x1024.jpg\" alt=\"\" class=\"wp-image-1886\" srcset=\"https:\/\/www.baderbr\u00e4u.de\/wp-content\/uploads\/2026\/03\/Biergarten-Musik-2026-endversion-707x1024.jpg 707w, https:\/\/www.baderbr\u00e4u.de\/wp-content\/uploads\/2026\/03\/Biergarten-Musik-2026-endversion-207x300.jpg 207w, https:\/\/www.baderbr\u00e4u.de\/wp-content\/uploads\/2026\/03\/Biergarten-Musik-2026-endversion-768x1112.jpg 768w, https:\/\/www.baderbr\u00e4u.de\/wp-content\/uploads\/2026\/03\/Biergarten-Musik-2026-endversion-35x50.jpg 35w, https:\/\/www.baderbr\u00e4u.de\/wp-content\/uploads\/2026\/03\/Biergarten-Musik-2026-endversion.jpg 970w\" sizes=\"(max-width: 707px) 100vw, 707px\" \/><\/a><\/figure>\n","protected":false},"excerpt":{"rendered":"<p>Das Programm steht! Unser Musikprogramm f\u00fcr den heurigen Kultursommer ist fertig. Und wir haben wieder tolle Musikgruppen engagieren k\u00f6nnen. Viele spielen hier zum ersten mal. Das Spektrum der Musikrichtungen haben wir erweitert. Eine Besonderheit ist heuer, dass am 27. August der Zither Man\u00e4 im Biergarten auftritt. Dies allerdings in Form eines Konzertes mit Eintritt. Es [&hellip;]<\/p>\n","protected":false},"author":3,"featured_media":0,"comment_status":"closed","ping_status":"closed","sticky":false,"template":"","format":"standard","meta":[],"categories":[1],"tags":[],"wppr_data":{"cwp_meta_box_check":"No"},"_links":{"self":[{"href":"https:\/\/www.baderbr\u00e4u.de\/index.php?rest_route=\/wp\/v2\/posts\/1885"}],"collection":[{"href":"https:\/\/www.baderbr\u00e4u.de\/index.php?rest_route=\/wp\/v2\/posts"}],"about":[{"href":"https:\/\/www.baderbr\u00e4u.de\/index.php?rest_route=\/wp\/v2\/types\/post"}],"author":[{"embeddable":true,"href":"https:\/\/www.baderbr\u00e4u.de\/index.php?rest_route=\/wp\/v2\/users\/3"}],"replies":[{"embeddable":true,"href":"https:\/\/www.baderbr\u00e4u.de\/index.php?rest_route=%2Fwp%2Fv2%2Fcomments&post=1885"}],"version-history":[{"count":1,"href":"https:\/\/www.baderbr\u00e4u.de\/index.php?rest_route=\/wp\/v2\/posts\/1885\/revisions"}],"predecessor-version":[{"id":1887,"href":"https:\/\/www.baderbr\u00e4u.de\/index.php?rest_route=\/wp\/v2\/posts\/1885\/revisions\/1887"}],"wp:attachment":[{"href":"https:\/\/www.baderbr\u00e4u.de\/index.php?rest_route=%2Fwp%2Fv2%2Fmedia&parent=1885"}],"wp:term":[{"taxonomy":"category","embeddable":true,"href":"https:\/\/www.baderbr\u00e4u.de\/index.php?rest_route=%2Fwp%2Fv2%2Fcategories&post=1885"},{"taxonomy":"post_tag","embeddable":true,"href":"https:\/\/www.baderbr\u00e4u.de\/index.php?rest_route=%2Fwp%2Fv2%2Ftags&post=1885"}],"curies":[{"name":"wp","href":"https:\/\/api.w.org\/{rel}","templated":true}]}}